{"id":64,"date":"2012-01-29T11:25:00","date_gmt":"2012-01-29T11:25:00","guid":{"rendered":"http:\/\/hoper.dnsalias.net\/atdc\/index.php\/2012\/01\/29\/20120129anonymous-manfestation-reussie\/"},"modified":"2017-05-30T16:51:32","modified_gmt":"2017-05-30T14:51:32","slug":"20120129anonymous-manfestation-reussie","status":"publish","type":"post","link":"https:\/\/hoper.dnsalias.net\/atdc\/index.php\/2012\/01\/29\/20120129anonymous-manfestation-reussie\/","title":{"rendered":"Anonymous : Manfestation r\u00e9ussie"},"content":{"rendered":"<div class=\"post-content\">\n<p>Comme quelques centaines d&rsquo;autres personnes (oui je me mouille pas trop sur le nombre de manifestants&#8230;) je me suis rendu \u00e0 Paris pour exprimer ma col\u00e8re face \u00e0 Acta. Ce que j&rsquo;ai vu sur place m&rsquo;a fait plut\u00f4t plaisir. L&rsquo;occasion aussi de discuter avec des journalistes pr\u00e9sent sur place. Compte rendu.<\/p>\n<h3>Les bonnes nouvelles<\/h3>\n<p>M\u00eame si l&rsquo;estimation du nombre de manifestants n&rsquo;est jamais simple, j&rsquo;estime que nous devions \u00eatre entre 500 et 1000 \u00e0 manifester sur Paris. Un nombre plut\u00f4t \u00e9lev\u00e9 donc, vu que l&rsquo;appel n&rsquo;avait \u00e9t\u00e9 lanc\u00e9 que quelques jours auparavant. Pour ceux qui voudraient vraiment se faire une id\u00e9e plus pr\u00e9cise, je vous invite \u00e0 t\u00e9l\u00e9charger <a href=\"http:\/\/hoper78.free.fr\/tdc\/anonymous.mkv\">cette petite vid\u00e9o<\/a> du cort\u00e8ge, en sachant que je n&rsquo;en ai pris grosso modo que la moiti\u00e9&#8230; donc vous comptez, et vous multipliez par deux :o)<\/p>\n<p>J&rsquo;ai aussi \u00e9t\u00e9 agr\u00e9ablement surpris par l&rsquo;organisation \u00e0 la fois \u00ab\u00a0light\u00a0\u00bb (tr\u00e8s logiquement il n&rsquo;y avait pas de vrais leader etc) mais suffisante pour que tout le monde ne parte pas dans tous les sens. Je veux aussi souligner que \u00ab\u00a0ceux d&rsquo;en face\u00a0\u00bb ont eu la bonne id\u00e9e de faire la m\u00eame chose, avec la mise en place d&rsquo;un dispositif l\u00e9ger. Quelques gendarmes pour encadrer la manif (le mod\u00e8le calme et tranquille), quelques policiers pour rediriger le trafic routier au fur et \u00e0 mesure du passage du cort\u00e8ge, une voiture balai, et basta. Je suis quasiment certain qu&rsquo;il devait y avoir des renforts pas loin (j&rsquo;ai vu pas mal de camionnettes blanches gar\u00e9s pr\u00e8s des lieux de rassemblement) mais globalement, on se sentait pas \u00e9touff\u00e9 par une pr\u00e9sence polici\u00e8re trop importante.<\/p>\n<p><a title=\"ANO_Gendarmerie.JPG\" href=\"https:\/\/hoper.dnsalias.net\/tdc\/public\/ANO_Gendarmerie.JPG\"><img decoding=\"async\" class=\"aligncenter\" title=\"ANO_Gendarmerie.JPG, janv. 2012\" src=\"https:\/\/hoper.dnsalias.net\/tdc\/public\/.ANO_Gendarmerie_m.jpg\" alt=\"ANO_Gendarmerie.JPG\" \/><\/a><\/p>\n<p>L&rsquo;autre bonne nouvelle, c&rsquo;est la pr\u00e9sence massive des m\u00e9dias. S\u00e9rieusement, je me demande si il n&rsquo;y avait pas plus de journalistes que de policiers. Reste \u00e0 voir ce qu&rsquo;il va ressortir des nombreuses interview donn\u00e9s, et je suis malheureusement plut\u00f4t pessimiste sur le sujet (explications donn\u00e9es dans la seconde partie).<\/p>\n<p>Enfin il faut aussi signaler que la manifestation \u00e9tait assez h\u00e9t\u00e9rog\u00e8ne. Bien sur, on observait une majorit\u00e9 d&rsquo;adolescents, et de jeunes adultes, mais toutes les tranches de la populations semblaient repr\u00e9sent\u00e9es, m\u00eame \u00e0 des degr\u00e9s moindre. M\u00eame les animaux aussi \u00e9taient repr\u00e9sent\u00e9s\u00a0!<\/p>\n<p><a title=\"ANO_chat.JPG\" href=\"https:\/\/hoper.dnsalias.net\/tdc\/public\/ANO_chat.JPG\"><img decoding=\"async\" class=\"aligncenter\" title=\"ANO_chat.JPG, janv. 2012\" src=\"https:\/\/hoper.dnsalias.net\/tdc\/public\/.ANO_chat_m.jpg\" alt=\"ANO_chat.JPG\" \/><\/a><\/p>\n<h3>Les mauvaises nouvelles<\/h3>\n<p>J&rsquo;ai pu entendre une reporter de France Inter avec son micro \u00e0 la main se plaindre que \u00ab\u00a0personne ici ne savait pourquoi ils \u00e9taient la\u00a0\u00bb. Apparemment, toutes les personnes qu&rsquo;elle avait interrog\u00e9 avaient bien du mal \u00e0 r\u00e9pondre \u00e0 des questions simples (pourquoi cette manifestation, qu&rsquo;est ce qu&rsquo;Acta etc). Oui, \u00e7a fait tr\u00e8s mal. D&rsquo;apr\u00e8s ce qu&rsquo;elle racontait \u00e0 sa coll\u00e8gue, il y avait vraiment une majorit\u00e9 de gens qui \u00e9taient uniquement pr\u00e9sent pour gueuler contre la fermeture de M\u00e9ga-Upload. Tout le reste, ils savaient pas. Notez bien qu&rsquo;elle m\u00eame, en tant que journaliste donc, semblait parfaitement ma\u00eetriser le sujet. Elle aurait juste aim\u00e9 pouvoir trouver des gens pour lui r\u00e9p\u00e9ter au micro les probl\u00e8mes pos\u00e9s par Acta etc.<\/p>\n<p>Un peu plus tard, c&rsquo;est une petite discussion avec le photographe d&rsquo;un journal papier (dont je ne citerai pas le nom pour ne pas mettre la personne dans l&#8217;embarras) qui m&rsquo;a confirm\u00e9 ce que tout le monde sait d\u00e9j\u00e0. Oui, la plupart des journalistes savent tr\u00e8s bien ce qu&rsquo;est Anonyous. Mais oui, ils font syst\u00e9matiquement du \u00ab\u00a0<a href=\"http:\/\/www.rfi.fr\/france\/20120128-manifestation-anonymous-france\">sensationnalisme<\/a>\u00a0\u00bb dans leur papier avec des titres idiots, assimilant volontairement Anonymous, hackers et criminels, tout simplement pour respecter la politique de la direction. Pour faire vendre, parce qu&rsquo;il tienne \u00e0 leur gagne-pain. On le savait tous, c&rsquo;est \u00e9vident, mais c&rsquo;est toujours sympa quand un journaliste \u00e0 l\u2019honn\u00eatet\u00e9 de vous le confirmer sans d\u00e9tour.<\/p>\n<p>Voila d&rsquo;ailleurs de dangereux exemples de hackers, pris la main dans le sac (le masque faisant bien \u00e9videment <a href=\"http:\/\/owni.fr\/2012\/01\/27\/dcri-contre-anonymous\/\">office de preuve<\/a>)<\/p>\n<p><a title=\"ANO_enfant1.JPG\" href=\"https:\/\/hoper.dnsalias.net\/tdc\/public\/ANO_enfant1.JPG\"><img decoding=\"async\" class=\"alignleft\" title=\"ANO_enfant1.JPG, janv. 2012\" src=\"https:\/\/hoper.dnsalias.net\/tdc\/public\/.ANO_enfant1_m.jpg\" alt=\"ANO_enfant1.JPG\" \/><\/a><a title=\"ANO_enfant2.JPG\" href=\"https:\/\/hoper.dnsalias.net\/tdc\/public\/ANO_enfant2.JPG\"><img decoding=\"async\" class=\"alignnone\" title=\"ANO_enfant2.JPG, janv. 2012\" src=\"https:\/\/hoper.dnsalias.net\/tdc\/public\/.ANO_enfant2_m.jpg\" alt=\"ANO_enfant2.JPG\" \/><\/a><\/p>\n<p>Surtout, ce qui m&rsquo;a frapp\u00e9 durant cette manifestation, c&rsquo;est l&rsquo;absence de tous ceux qu&rsquo;on s&rsquo;attendaient \u00e0 trouver en premi\u00e8re ligne. Ou \u00e9tait le parti pirate !? La il faudra qu&rsquo;on m&rsquo;explique comment ils peuvent ne pas \u00eatre pr\u00e9sent \u00e0 une manifestation contre Acta. Mais il y a pire. La Quadrature du net\u00a0! Elle \u00e9tait ou la Quadrature\u00a0? (<strong>EDIT<\/strong>\u00a0: La quadrature \u00e9tait <a href=\"http:\/\/www.ubest1.com\/video\/Mansan_1327781613_video.flv\">pr\u00e9sente<\/a> ). La peur du ridicule si l&rsquo;appel \u00e0 manifester s&rsquo;\u00e9tait conclu par quelques dizaines de pr\u00e9sents\u00a0? Impossible. le <a href=\"https:\/\/hoper.dnsalias.net\/atdc\/index.php\/2010\/11\/22\/20101122contre-la-loppsi-2\/\">faible nombre<\/a>, ce n&rsquo;est pas ce qui les \u00e0 arr\u00eat\u00e9 jusqu&rsquo;\u00e0 pr\u00e9sent.<\/p>\n<p>La seule explication plausible serait que le PP ai eu peur de l&rsquo;association par le grand publique \u00ab\u00a0Parti Pirate=Anonymous=criminels\u00a0\u00bb alors qu&rsquo;ils ont toujours tout fait pour avoir une image absolument irr\u00e9prochable sur le plan de l\u00e9galit\u00e9. Mais alors quoi, les m\u00e9dias ont gagn\u00e9s\u00a0? On les laisse faire de la d\u00e9sinformation, on valide cette association idiote et on cesse de supporter les id\u00e9es, pourtant fortes et n\u00e9cessaires, des sympathisants Anonymous\u00a0?<\/p>\n<p>A leur d\u00e9charge, il faut effectivement reconna\u00eetre que le grand publique en est encore \u00e0 croire ce que raconte TF1. J&rsquo;ai ainsi crois\u00e9 une dame assez \u00e2g\u00e9e qui, lorsque je lui ai expliqu\u00e9 certaines des raisons pour lesquelles cette manifestation avait lieu (surveillance de toutes nos donn\u00e9es etc), \u00e0 d&rsquo;abord sembl\u00e9 h\u00e9sitante, avant de se lancer dans un \u00ab\u00a0Oui mais sur Internet pour le moment il n&rsquo;y a aucune surveillance et n&rsquo;importe qui peut faire n&rsquo;importe quoi alors&#8230;\u00a0\u00bb. Quand je lui ai expliqu\u00e9 que les lois du \u00ab\u00a0monde r\u00e9el\u00a0\u00bb s&rsquo;appliquaient exactement de la m\u00eame fa\u00e7on sur Internet et qu&rsquo;au contraire, Internet \u00e9tait aujourd&rsquo;hui plus surveill\u00e9 que la rue (en lui donnant l&rsquo;exemple de personnes renvoy\u00e9es pour avoir critiqu\u00e9es leur entreprise sur le net etc), elle en est rest\u00e9e totalement bouche-b\u00e9e, et m&rsquo;a promis qu&rsquo;elle irai vite se renseigner sur le sujet.<\/p>\n<h3>Conclusion<\/h3>\n<p>\u00catre Anonymous, c&rsquo;est avant tout un <a href=\"http:\/\/reflets.info\/anonymous-un-art-martial\/\">\u00e9tat d&rsquo;esprit<\/a>. C&rsquo;est \u00eatre respectueux de chacun, c&rsquo;est d\u00e9fendre les libert\u00e9s individuelles sur Internet ou dans la rue. Etre Anonymous, c\u00a0\u00bbest avoir la classe, tout simplement.<\/p>\n<p><a title=\"ANO_classe.JPG\" href=\"https:\/\/hoper.dnsalias.net\/tdc\/public\/ANO_classe.JPG\"><img decoding=\"async\" class=\"aligncenter\" title=\"ANO_classe.JPG, janv. 2012\" src=\"https:\/\/hoper.dnsalias.net\/tdc\/public\/.ANO_classe_m.jpg\" alt=\"ANO_classe.JPG\" \/><\/a><\/p>\n<p>Merci \u00e0 tous les citoyens qui ont fait l&rsquo;effort d&rsquo;aller manifester hier. Mais le plus dur reste \u00e0 faire. Convaincre les 60 millions de Fran\u00e7ais qui ne l&rsquo;ont pas fait que le combat des Anonymous est bien plus important que, par exemple, le r\u00e9sultat de la pr\u00e9sidentielle de 2012.<\/p>\n<p><a title=\"ANO_foule.JPG\" href=\"https:\/\/hoper.dnsalias.net\/tdc\/public\/ANO_foule.JPG\"><img decoding=\"async\" class=\"aligncenter\" title=\"ANO_foule.JPG, janv. 2012\" src=\"https:\/\/hoper.dnsalias.net\/tdc\/public\/.ANO_foule_m.jpg\" alt=\"ANO_foule.JPG\" \/><\/a><\/p>\n<p>Une vid\u00e9o de (14 minutes) est disponible \u00e0 la fin de <a href=\"http:\/\/www.leparisien.fr\/high-tech\/les-anonymous-lancent-une-journee-de-manifestations-dans-toute-la-france-28-01-2012-1834073.php\">cet article<\/a>.<\/p>\n<p>NOTE\u00a0: M\u00e9a culpa, Il semble que la quadrature \u00e9tait bien pr\u00e9sente \u00e0 cette manifestation. Par contre aucune banderoles ou quoi que ce soit de ce genre. Franchement, c&rsquo;\u00e9tait une pr\u00e9sence plut\u00f4t discr\u00e8te, et je suis pas le seul \u00e0 les avoir cherch\u00e9 sans les trouver.<\/p>\n<\/div>\n","protected":false},"excerpt":{"rendered":"<p>Comme quelques centaines d&rsquo;autres personnes (oui je me mouille pas trop sur le nombre de manifestants&#8230;) je me suis rendu \u00e0 Paris pour exprimer ma col\u00e8re face \u00e0 Acta. Ce que j&rsquo;ai vu sur place m&rsquo;a fait plut\u00f4t plaisir. L&rsquo;occasion aussi de discuter avec des journalistes pr\u00e9sent sur place. Compte rendu. Les bonnes nouvelles M\u00eame [&hellip;]<\/p>\n","protected":false},"author":1,"featured_media":0,"comment_status":"closed","ping_status":"closed","sticky":false,"template":"","format":"standard","meta":{"footnotes":""},"categories":[3,2],"tags":[],"class_list":["post-64","post","type-post","status-publish","format-standard","hentry","category-divers","category-drm-p2p"],"_links":{"self":[{"href":"https:\/\/hoper.dnsalias.net\/atdc\/index.php\/wp-json\/wp\/v2\/posts\/64","targetHints":{"allow":["GET"]}}],"collection":[{"href":"https:\/\/hoper.dnsalias.net\/atdc\/index.php\/wp-json\/wp\/v2\/posts"}],"about":[{"href":"https:\/\/hoper.dnsalias.net\/atdc\/index.php\/wp-json\/wp\/v2\/types\/post"}],"author":[{"embeddable":true,"href":"https:\/\/hoper.dnsalias.net\/atdc\/index.php\/wp-json\/wp\/v2\/users\/1"}],"replies":[{"embeddable":true,"href":"https:\/\/hoper.dnsalias.net\/atdc\/index.php\/wp-json\/wp\/v2\/comments?post=64"}],"version-history":[{"count":2,"href":"https:\/\/hoper.dnsalias.net\/atdc\/index.php\/wp-json\/wp\/v2\/posts\/64\/revisions"}],"predecessor-version":[{"id":851,"href":"https:\/\/hoper.dnsalias.net\/atdc\/index.php\/wp-json\/wp\/v2\/posts\/64\/revisions\/851"}],"wp:attachment":[{"href":"https:\/\/hoper.dnsalias.net\/atdc\/index.php\/wp-json\/wp\/v2\/media?parent=64"}],"wp:term":[{"taxonomy":"category","embeddable":true,"href":"https:\/\/hoper.dnsalias.net\/atdc\/index.php\/wp-json\/wp\/v2\/categories?post=64"},{"taxonomy":"post_tag","embeddable":true,"href":"https:\/\/hoper.dnsalias.net\/atdc\/index.php\/wp-json\/wp\/v2\/tags?post=64"}],"curies":[{"name":"wp","href":"https:\/\/api.w.org\/{rel}","templated":true}]}}